{"totalCount":5,"payload":"\n    \n        \n        \n    \n\n    \n\n    \n\n    \u003Cdiv class=\u0022table__row qa-activities-row\u0022\u003E\n\n        \u003Cdiv class=\u0022table__cell\u0022\u003E\n            \u003Cdiv class=\u0022user flag flag--top\u0022\u003E\n                \u003Cdiv class=\u0022flag__image\u0022\u003E\n                    \u003Cdiv class=\u0022avatar avatar--L\u0022\u003E\n                        \u003Ca href=\u0022https:\/\/fr.deezercommunity.com\/members\/gregoire9293-139105\u0022 class=\u0022qa-profilepicture\u0022\u003E\n                            \u003Cdiv class=\u0022profilepicture\u0022\u003E\n                                                                    \u003Cdiv class=\u0022default-avatar avatar-variant-5\u0022\u003E\n                                        G\n                                    \u003C\/div\u003E\n                                                            \u003C\/div\u003E\n                                                            \u003Cdiv class=\u0022profilelabel\u0022\u003E\n                                    \u003Cimg src=\u0022https:\/\/uploads-eu-west-1.insided.com\/deezer-fr\/attachment\/1b45306c-a888-4edb-9bfc-3a355d5cccb6_thumb.png\u0022 title=\u0022Guitar Hero\u0022 alt=\u0022Guitar Hero\u0022\u003E\n                                \u003C\/div\u003E\n                                                    \u003C\/a\u003E\n                    \u003C\/div\u003E\n                \u003C\/div\u003E\n\n                \u003Cdiv class=\u0022user_data flag__body\u0022\u003E\n                    \u003Cdiv class=\u0022user_meta\u0022\u003E\n                                                                \u003Ca href=\u0022https:\/\/fr.deezercommunity.com\/members\/gregoire9293-139105\u0022 class=\u0022username link link--quiet qa-username\u0022 title=\u0022Gr\u00e9goire9293\u0022\u003E\n                    Gr\u00e9goire9293\n                \u003C\/a\u003E\n                \u003Cspan class=\u0022useraction\u0022\u003Ea laiss\u00e9 un commentaire\u003C\/span\u003E\n            \n        \n                        \u003Cspan class=\u0022text--meta\u0022\u003E\n                            \n\n\n\u003Ctime class=\u0022  qa-latest-post-time\u0022 datetime=\u00222024-01-15\u0022\u003E\n    il y a 2 ans\n\u003C\/time\u003E\n\n                        \u003C\/span\u003E\n                    \u003C\/div\u003E\n\n                                \u003Ch4\u003E\n                \u003Ca class=\u0022link--header thread-list-block__title\u0022 href=\u0022https:\/\/fr.deezercommunity.com\/conversations\/17121\/replies\/86326\u0022\u003E\n                    AirPods pro probleme lecture\n                \u003C\/a\u003E\n            \u003C\/h4\u003E\n             \u003Ca class=\u0022link link--underline\u0022 href=\u0022https:\/\/fr.deezercommunity.com\/conversations\/17121\/replies\/86326\u0022\u003E\n                 Afficher le commentaire\n             \u003C\/a\u003E\n        \n                \u003C\/div\u003E\n            \u003C\/div\u003E\n        \u003C\/div\u003E\n\n    \u003C\/div\u003E\n\n\n    \n        \n        \n    \n\n    \n\n    \n\n    \u003Cdiv class=\u0022table__row qa-activities-row\u0022\u003E\n\n        \u003Cdiv class=\u0022table__cell\u0022\u003E\n            \u003Cdiv class=\u0022user flag flag--top\u0022\u003E\n                \u003Cdiv class=\u0022flag__image\u0022\u003E\n                    \u003Cdiv class=\u0022avatar avatar--L\u0022\u003E\n                        \u003Ca href=\u0022https:\/\/fr.deezercommunity.com\/members\/gregoire9293-139105\u0022 class=\u0022qa-profilepicture\u0022\u003E\n                            \u003Cdiv class=\u0022profilepicture\u0022\u003E\n                                                                    \u003Cdiv class=\u0022default-avatar avatar-variant-5\u0022\u003E\n                                        G\n                                    \u003C\/div\u003E\n                                                            \u003C\/div\u003E\n                                                            \u003Cdiv class=\u0022profilelabel\u0022\u003E\n                                    \u003Cimg src=\u0022https:\/\/uploads-eu-west-1.insided.com\/deezer-fr\/attachment\/1b45306c-a888-4edb-9bfc-3a355d5cccb6_thumb.png\u0022 title=\u0022Guitar Hero\u0022 alt=\u0022Guitar Hero\u0022\u003E\n                                \u003C\/div\u003E\n                                                    \u003C\/a\u003E\n                    \u003C\/div\u003E\n                \u003C\/div\u003E\n\n                \u003Cdiv class=\u0022user_data flag__body\u0022\u003E\n                    \u003Cdiv class=\u0022user_meta\u0022\u003E\n                                                                \u003Ca href=\u0022https:\/\/fr.deezercommunity.com\/members\/gregoire9293-139105\u0022 class=\u0022username link link--quiet qa-username\u0022 title=\u0022Gr\u00e9goire9293\u0022\u003E\n                    Gr\u00e9goire9293\n                \u003C\/a\u003E\n                \u003Cspan class=\u0022useraction\u0022\u003Ea laiss\u00e9 un commentaire\u003C\/span\u003E\n            \n        \n                        \u003Cspan class=\u0022text--meta\u0022\u003E\n                            \n\n\n\u003Ctime class=\u0022  qa-latest-post-time\u0022 datetime=\u00222024-01-15\u0022\u003E\n    il y a 2 ans\n\u003C\/time\u003E\n\n                        \u003C\/span\u003E\n                    \u003C\/div\u003E\n\n                                \u003Ch4\u003E\n                \u003Ca class=\u0022link--header thread-list-block__title\u0022 href=\u0022https:\/\/fr.deezercommunity.com\/conversations\/17121\/replies\/86324\u0022\u003E\n                    AirPods pro probleme lecture\n                \u003C\/a\u003E\n            \u003C\/h4\u003E\n             \u003Ca class=\u0022link link--underline\u0022 href=\u0022https:\/\/fr.deezercommunity.com\/conversations\/17121\/replies\/86324\u0022\u003E\n                 Afficher le commentaire\n             \u003C\/a\u003E\n        \n                \u003C\/div\u003E\n            \u003C\/div\u003E\n        \u003C\/div\u003E\n\n    \u003C\/div\u003E\n\n\n    \n        \n        \n    \n\n    \n\n    \n\n    \u003Cdiv class=\u0022table__row qa-activities-row\u0022\u003E\n\n        \u003Cdiv class=\u0022table__cell\u0022\u003E\n            \u003Cdiv class=\u0022user flag flag--top\u0022\u003E\n                \u003Cdiv class=\u0022flag__image\u0022\u003E\n                    \u003Cdiv class=\u0022avatar avatar--L\u0022\u003E\n                        \u003Ca href=\u0022https:\/\/fr.deezercommunity.com\/members\/gregoire9293-139105\u0022 class=\u0022qa-profilepicture\u0022\u003E\n                            \u003Cdiv class=\u0022profilepicture\u0022\u003E\n                                                                    \u003Cdiv class=\u0022default-avatar avatar-variant-5\u0022\u003E\n                                        G\n                                    \u003C\/div\u003E\n                                                            \u003C\/div\u003E\n                                                            \u003Cdiv class=\u0022profilelabel\u0022\u003E\n                                    \u003Cimg src=\u0022https:\/\/uploads-eu-west-1.insided.com\/deezer-fr\/attachment\/1b45306c-a888-4edb-9bfc-3a355d5cccb6_thumb.png\u0022 title=\u0022Guitar Hero\u0022 alt=\u0022Guitar Hero\u0022\u003E\n                                \u003C\/div\u003E\n                                                    \u003C\/a\u003E\n                    \u003C\/div\u003E\n                \u003C\/div\u003E\n\n                \u003Cdiv class=\u0022user_data flag__body\u0022\u003E\n                    \u003Cdiv class=\u0022user_meta\u0022\u003E\n                                                                \u003Ca href=\u0022https:\/\/fr.deezercommunity.com\/members\/gregoire9293-139105\u0022 class=\u0022username link link--quiet qa-username\u0022 title=\u0022Gr\u00e9goire9293\u0022\u003E\n                    Gr\u00e9goire9293\n                \u003C\/a\u003E\n                \u003Cspan class=\u0022useraction\u0022\u003Ea laiss\u00e9 un commentaire\u003C\/span\u003E\n            \n        \n                        \u003Cspan class=\u0022text--meta\u0022\u003E\n                            \n\n\n\u003Ctime class=\u0022  qa-latest-post-time\u0022 datetime=\u00222021-11-30\u0022\u003E\n    il y a 4 ans\n\u003C\/time\u003E\n\n                        \u003C\/span\u003E\n                    \u003C\/div\u003E\n\n                                \u003Ch4\u003E\n                \u003Ca class=\u0022link--header thread-list-block__title\u0022 href=\u0022https:\/\/fr.deezercommunity.com\/questions\/26184\/replies\/141625\u0022\u003E\n                    O\u00f9 est pass\u00e9 la colonne \u0026quot;ajout\u00e9\u0026quot; ? APP DESKTOP MAC\n                \u003C\/a\u003E\n            \u003C\/h4\u003E\n             \u003Ca class=\u0022link link--underline\u0022 href=\u0022https:\/\/fr.deezercommunity.com\/questions\/26184\/replies\/141625\u0022\u003E\n                 Afficher le commentaire\n             \u003C\/a\u003E\n        \n                \u003C\/div\u003E\n            \u003C\/div\u003E\n        \u003C\/div\u003E\n\n    \u003C\/div\u003E\n\n\n    \n\n    \n        \n        \n    \n\n    \n\n    \u003Cdiv class=\u0022table__row qa-activities-row\u0022\u003E\n\n        \u003Cdiv class=\u0022table__cell\u0022\u003E\n            \u003Cdiv class=\u0022user flag flag--top\u0022\u003E\n                \u003Cdiv class=\u0022flag__image\u0022\u003E\n                    \u003Cdiv class=\u0022avatar avatar--L\u0022\u003E\n                        \u003Ca href=\u0022https:\/\/fr.deezercommunity.com\/members\/gregoire9293-139105\u0022 class=\u0022qa-profilepicture\u0022\u003E\n                            \u003Cdiv class=\u0022profilepicture\u0022\u003E\n                                                                    \u003Cdiv class=\u0022default-avatar avatar-variant-5\u0022\u003E\n                                        G\n                                    \u003C\/div\u003E\n                                                            \u003C\/div\u003E\n                                                            \u003Cdiv class=\u0022profilelabel\u0022\u003E\n                                    \u003Cimg src=\u0022https:\/\/uploads-eu-west-1.insided.com\/deezer-fr\/attachment\/1b45306c-a888-4edb-9bfc-3a355d5cccb6_thumb.png\u0022 title=\u0022Guitar Hero\u0022 alt=\u0022Guitar Hero\u0022\u003E\n                                \u003C\/div\u003E\n                                                    \u003C\/a\u003E\n                    \u003C\/div\u003E\n                \u003C\/div\u003E\n\n                \u003Cdiv class=\u0022user_data flag__body\u0022\u003E\n                    \u003Cdiv class=\u0022user_meta\u0022\u003E\n                                                                \u003Ca href=\u0022https:\/\/fr.deezercommunity.com\/members\/gregoire9293-139105\u0022 class=\u0022username link link--quiet qa-username\u0022 title=\u0022Gr\u00e9goire9293\u0022\u003E\n                    Gr\u00e9goire9293\n                \u003C\/a\u003E\n              \u003Cspan class=\u0022useraction\u0022\u003Ea cr\u00e9\u00e9 un sujet intitul\u00e9\u003C\/span\u003E\n            \n        \n                        \u003Cspan class=\u0022text--meta\u0022\u003E\n                            \n\n\n\u003Ctime class=\u0022  qa-latest-post-time\u0022 datetime=\u00222021-11-29\u0022\u003E\n    il y a 4 ans\n\u003C\/time\u003E\n\n                        \u003C\/span\u003E\n                    \u003C\/div\u003E\n\n                                \u003Ch4\u003E\n                \u003Ca class=\u0022link--header thread-list-block__title\u0022 href=\u0022https:\/\/fr.deezercommunity.com\/questions\/26184\u0022\u003E\n                                        O\u00f9 est pass\u00e9 la colonne \u0026quot;ajout\u00e9\u0026quot; ? APP DESKTOP MAC\n                \u003C\/a\u003E\n            \u003C\/h4\u003E\n        \n                \u003C\/div\u003E\n            \u003C\/div\u003E\n        \u003C\/div\u003E\n\n    \u003C\/div\u003E\n\n\n    \n        \n        \n    \n\n    \n\n    \n\n    \u003Cdiv class=\u0022table__row qa-activities-row\u0022\u003E\n\n        \u003Cdiv class=\u0022table__cell\u0022\u003E\n            \u003Cdiv class=\u0022user flag flag--top\u0022\u003E\n                \u003Cdiv class=\u0022flag__image\u0022\u003E\n                    \u003Cdiv class=\u0022avatar avatar--L\u0022\u003E\n                        \u003Ca href=\u0022https:\/\/fr.deezercommunity.com\/members\/gregoire9293-139105\u0022 class=\u0022qa-profilepicture\u0022\u003E\n                            \u003Cdiv class=\u0022profilepicture\u0022\u003E\n                                                                    \u003Cdiv class=\u0022default-avatar avatar-variant-5\u0022\u003E\n                                        G\n                                    \u003C\/div\u003E\n                                                            \u003C\/div\u003E\n                                                            \u003Cdiv class=\u0022profilelabel\u0022\u003E\n                                    \u003Cimg src=\u0022https:\/\/uploads-eu-west-1.insided.com\/deezer-fr\/attachment\/1b45306c-a888-4edb-9bfc-3a355d5cccb6_thumb.png\u0022 title=\u0022Guitar Hero\u0022 alt=\u0022Guitar Hero\u0022\u003E\n                                \u003C\/div\u003E\n                                                    \u003C\/a\u003E\n                    \u003C\/div\u003E\n                \u003C\/div\u003E\n\n                \u003Cdiv class=\u0022user_data flag__body\u0022\u003E\n                    \u003Cdiv class=\u0022user_meta\u0022\u003E\n                                                                \u003Ca href=\u0022https:\/\/fr.deezercommunity.com\/members\/gregoire9293-139105\u0022 class=\u0022username link link--quiet qa-username\u0022 title=\u0022Gr\u00e9goire9293\u0022\u003E\n                    Gr\u00e9goire9293\n                \u003C\/a\u003E\n                \u003Cspan class=\u0022useraction\u0022\u003Ea laiss\u00e9 un commentaire\u003C\/span\u003E\n            \n        \n                        \u003Cspan class=\u0022text--meta\u0022\u003E\n                            \n\n\n\u003Ctime class=\u0022  qa-latest-post-time\u0022 datetime=\u00222021-11-27\u0022\u003E\n    il y a 4 ans\n\u003C\/time\u003E\n\n                        \u003C\/span\u003E\n                    \u003C\/div\u003E\n\n                                \u003Ch4\u003E\n                \u003Ca class=\u0022link--header thread-list-block__title\u0022 href=\u0022https:\/\/fr.deezercommunity.com\/conversations\/14347\/replies\/76486\u0022\u003E\n                    Nouvel ordre de tri des coups de coeur\n                \u003C\/a\u003E\n            \u003C\/h4\u003E\n             \u003Ca class=\u0022link link--underline\u0022 href=\u0022https:\/\/fr.deezercommunity.com\/conversations\/14347\/replies\/76486\u0022\u003E\n                 Afficher le commentaire\n             \u003C\/a\u003E\n        \n                \u003C\/div\u003E\n            \u003C\/div\u003E\n        \u003C\/div\u003E\n\n    \u003C\/div\u003E\n\n\n"}